{"id":709,"date":"2019-02-04T12:53:37","date_gmt":"2019-02-04T11:53:37","guid":{"rendered":"http:\/\/cpfalces.educacion.navarra.es\/blogs\/hoyaquienfalces\/?p=709"},"modified":"2019-02-11T12:54:39","modified_gmt":"2019-02-11T11:54:39","slug":"santa-agueda","status":"publish","type":"post","link":"https:\/\/cpfalces.educacion.navarra.es\/blogs\/hoyaquienfalces\/2019\/02\/04\/santa-agueda\/","title":{"rendered":"SANTA \u00c1GUEDA"},"content":{"rendered":"\n<h3>Breve historia:<\/h3>\n\n\n\n<p>Santa \u00c1gueda era una mujer a la que no le faltaba de nada. Un d\u00eda Quintianus se quer\u00eda casar con ella, pero Santa \u00c1gueda no quer\u00eda porque quer\u00eda dedicarse a Dios.<\/p>\n\n\n\n<p>Entonces la llev\u00f3 a un prost\u00edbulo, pero ella se mantuvo firme en sus ideas:  no estuvo con ning\u00fan hombre. <\/p>\n\n\n\n<p>Quintianus, enfadado, la sacrific\u00f3 cort\u00e1ndole los pechos. <\/p>\n\n\n\n<p>En Falces lo celebramos el 4 de febrero aunque lo hicimos el d\u00eda es el 5  de febrero.<\/p>\n\n\n\n<p>Lo que hacemos es : <\/p>\n\n\n\n<ul><li>A las 5 de la tarde salimos con unos palos por el pueblo y cantamos \u00abSanta \u00c1gueda bezpera betu &#8230;\u00bb. <\/li><li>Despu\u00e9s de hacer el recorrido, merendamos y nos lo pasamos muy bien. <\/li><\/ul>\n\n\n\n<p style=\"text-align:center\">Santa \u00c1gueda es patrona de la mujeres<\/p>\n\n\n<p><iframe loading=\"lazy\" src=\"https:\/\/www.youtube.com\/embed\/jWT7dp5T75Q\" width=\"560\" height=\"315\" frameborder=\"0\" allowfullscreen=\"allowfullscreen\"><\/iframe><\/p>","protected":false},"excerpt":{"rendered":"<p>Breve historia: Santa \u00c1gueda era una mujer a la que no le faltaba de nada. Un d\u00eda Quintianus se quer\u00eda casar con ella, pero Santa \u00c1gueda no quer\u00eda porque quer\u00eda dedicarse a Dios. Entonces la llev\u00f3 a un prost\u00edbulo, pero ella se mantuvo firme en sus ideas: no estuvo con ning\u00fan hombre. Quintianus, enfadado, la [&hellip;]<\/p>\n","protected":false},"author":28,"featured_media":0,"comment_status":"open","ping_status":"open","sticky":false,"template":"","format":"standard","meta":{"_genesis_hide_title":false,"_genesis_hide_breadcrumbs":false,"_genesis_hide_singular_image":false,"_genesis_hide_footer_widgets":false,"_genesis_custom_body_class":"","_genesis_custom_post_class":"","_genesis_layout":""},"categories":[5,1],"tags":[],"_links":{"self":[{"href":"https:\/\/cpfalces.educacion.navarra.es\/blogs\/hoyaquienfalces\/wp-json\/wp\/v2\/posts\/709"}],"collection":[{"href":"https:\/\/cpfalces.educacion.navarra.es\/blogs\/hoyaquienfalces\/wp-json\/wp\/v2\/posts"}],"about":[{"href":"https:\/\/cpfalces.educacion.navarra.es\/blogs\/hoyaquienfalces\/wp-json\/wp\/v2\/types\/post"}],"author":[{"embeddable":true,"href":"https:\/\/cpfalces.educacion.navarra.es\/blogs\/hoyaquienfalces\/wp-json\/wp\/v2\/users\/28"}],"replies":[{"embeddable":true,"href":"https:\/\/cpfalces.educacion.navarra.es\/blogs\/hoyaquienfalces\/wp-json\/wp\/v2\/comments?post=709"}],"version-history":[{"count":3,"href":"https:\/\/cpfalces.educacion.navarra.es\/blogs\/hoyaquienfalces\/wp-json\/wp\/v2\/posts\/709\/revisions"}],"predecessor-version":[{"id":758,"href":"https:\/\/cpfalces.educacion.navarra.es\/blogs\/hoyaquienfalces\/wp-json\/wp\/v2\/posts\/709\/revisions\/758"}],"wp:attachment":[{"href":"https:\/\/cpfalces.educacion.navarra.es\/blogs\/hoyaquienfalces\/wp-json\/wp\/v2\/media?parent=709"}],"wp:term":[{"taxonomy":"category","embeddable":true,"href":"https:\/\/cpfalces.educacion.navarra.es\/blogs\/hoyaquienfalces\/wp-json\/wp\/v2\/categories?post=709"},{"taxonomy":"post_tag","embeddable":true,"href":"https:\/\/cpfalces.educacion.navarra.es\/blogs\/hoyaquienfalces\/wp-json\/wp\/v2\/tags?post=709"}],"curies":[{"name":"wp","href":"https:\/\/api.w.org\/{rel}","templated":true}]}}