{"id":942,"date":"2019-02-27T13:22:28","date_gmt":"2019-02-27T12:22:28","guid":{"rendered":"http:\/\/cpfalces.educacion.navarra.es\/blogs\/hoyaquienfalces\/?p=942"},"modified":"2019-02-27T13:59:06","modified_gmt":"2019-02-27T12:59:06","slug":"receta-de-mousse-nutella","status":"publish","type":"post","link":"https:\/\/cpfalces.educacion.navarra.es\/blogs\/hoyaquienfalces\/2019\/02\/27\/receta-de-mousse-nutella\/","title":{"rendered":"Receta De Mousse Nutella"},"content":{"rendered":"\n<h2>Ingredientes: <\/h2>\n\n\n\n<ol><li>Vamos a usar s\u00f3lo dos ingredientes:<\/li><li> 500 ml de nata para montar.<\/li><li><\/li><li>290 gr de nutella o crema de cacao con avellanas de otra marca. <\/li><\/ol>\n\n\n\n<h3>Utensilios:<\/h3>\n\n\n\n<p>Vamos a usar  <\/p>\n\n\n\n<ul><li>un bol para mezclar  <\/li><li>dos vasos de cristal.<\/li><li>y tambi\u00e9n una batidora el\u00e9ctrica  .<\/li><\/ul>\n\n\n\n<h3>Elaboraci\u00f3n:<\/h3>\n\n\n\n<ul><li>Primero coger  el bol  y poner la nata en el bol, con la ayuda de la batidora el\u00e9ctrica  de varillas para que  la montemos. Cuando tengamos  la nata bien montada, paramos de batir.<\/li><li>Echamos la nutella en el bol.  Si est\u00e1 dura, la ponemos a calentar hasta que se derrita.<\/li><li>Y lo mezclamos, cuando lo mezclemos, su color ser\u00e1 marr\u00f3n claro .<\/li><li>Al final del todo, echamos la mezcla en los vasos hasta arriba, con la manga pastelera y ponemos dos fresas. <\/li><\/ul>\n\n\n\n<figure class=\"wp-block-image\"><img src=\"https:\/\/i.ytimg.com\/vi\/6X2YiARVeqI\/maxresdefault.jpg\" alt=\"\"\/><figcaption><br><br><\/figcaption><\/figure>\n\n\n\n<h2>\u00a1\u00a1\u00a1\u00a1\u00a1\u00a1   Disfrutad   !!!!!!<\/h2>\n\n\n\n<p><\/p>\n","protected":false},"excerpt":{"rendered":"<p>Ingredientes: Vamos a usar s\u00f3lo dos ingredientes: 500 ml de nata para montar. 290 gr de nutella o crema de cacao con avellanas de otra marca. Utensilios: Vamos a usar un bol para mezclar dos vasos de cristal. y tambi\u00e9n una batidora el\u00e9ctrica . Elaboraci\u00f3n: Primero coger el bol y poner la nata en el [&hellip;]<\/p>\n","protected":false},"author":48,"featured_media":0,"comment_status":"open","ping_status":"open","sticky":false,"template":"","format":"standard","meta":{"_genesis_hide_title":false,"_genesis_hide_breadcrumbs":false,"_genesis_hide_singular_image":false,"_genesis_hide_footer_widgets":false,"_genesis_custom_body_class":"","_genesis_custom_post_class":"","_genesis_layout":"sidebar-sidebar-content"},"categories":[8],"tags":[],"_links":{"self":[{"href":"https:\/\/cpfalces.educacion.navarra.es\/blogs\/hoyaquienfalces\/wp-json\/wp\/v2\/posts\/942"}],"collection":[{"href":"https:\/\/cpfalces.educacion.navarra.es\/blogs\/hoyaquienfalces\/wp-json\/wp\/v2\/posts"}],"about":[{"href":"https:\/\/cpfalces.educacion.navarra.es\/blogs\/hoyaquienfalces\/wp-json\/wp\/v2\/types\/post"}],"author":[{"embeddable":true,"href":"https:\/\/cpfalces.educacion.navarra.es\/blogs\/hoyaquienfalces\/wp-json\/wp\/v2\/users\/48"}],"replies":[{"embeddable":true,"href":"https:\/\/cpfalces.educacion.navarra.es\/blogs\/hoyaquienfalces\/wp-json\/wp\/v2\/comments?post=942"}],"version-history":[{"count":9,"href":"https:\/\/cpfalces.educacion.navarra.es\/blogs\/hoyaquienfalces\/wp-json\/wp\/v2\/posts\/942\/revisions"}],"predecessor-version":[{"id":973,"href":"https:\/\/cpfalces.educacion.navarra.es\/blogs\/hoyaquienfalces\/wp-json\/wp\/v2\/posts\/942\/revisions\/973"}],"wp:attachment":[{"href":"https:\/\/cpfalces.educacion.navarra.es\/blogs\/hoyaquienfalces\/wp-json\/wp\/v2\/media?parent=942"}],"wp:term":[{"taxonomy":"category","embeddable":true,"href":"https:\/\/cpfalces.educacion.navarra.es\/blogs\/hoyaquienfalces\/wp-json\/wp\/v2\/categories?post=942"},{"taxonomy":"post_tag","embeddable":true,"href":"https:\/\/cpfalces.educacion.navarra.es\/blogs\/hoyaquienfalces\/wp-json\/wp\/v2\/tags?post=942"}],"curies":[{"name":"wp","href":"https:\/\/api.w.org\/{rel}","templated":true}]}}