{"id":1378,"date":"2019-04-01T12:53:26","date_gmt":"2019-04-01T10:53:26","guid":{"rendered":"http:\/\/cpfalces.educacion.navarra.es\/blogs\/?p=1378"},"modified":"2019-04-01T12:53:28","modified_gmt":"2019-04-01T10:53:28","slug":"el-cole-crea-un-canal-de-youtube","status":"publish","type":"post","link":"https:\/\/cpfalces.educacion.navarra.es\/blogs\/blog\/2019\/04\/01\/el-cole-crea-un-canal-de-youtube\/","title":{"rendered":"EL COLE CREA UN CANAL DE YOUTUBE"},"content":{"rendered":"\n<p>El alumnado del C.P. D\u00aa \u00c1lvara \u00c1lvarez ha creado un canal de youtube. En \u00e9l podr\u00e9is ver todos los v\u00eddeos que el alumnado de 3\u00baciclo de EP va creando en el aula de medios de comunicaci\u00f3n.<\/p>\n\n\n\n<p>Os animemos a que os suscrib\u00e1is al canal y nos visit\u00e9is desde el enlace de nuestra WEB.<\/p>\n\n\n\n<figure class=\"wp-block-image\"><img loading=\"lazy\" width=\"1024\" height=\"584\" src=\"http:\/\/cpfalces.educacion.navarra.es\/blogs\/wp-content\/uploads\/2019\/04\/1-1024x584.jpg\" alt=\"\" class=\"wp-image-1379\" srcset=\"https:\/\/cpfalces.educacion.navarra.es\/blogs\/wp-content\/uploads\/2019\/04\/1-1024x584.jpg 1024w, https:\/\/cpfalces.educacion.navarra.es\/blogs\/wp-content\/uploads\/2019\/04\/1-300x171.jpg 300w, https:\/\/cpfalces.educacion.navarra.es\/blogs\/wp-content\/uploads\/2019\/04\/1-768x438.jpg 768w, https:\/\/cpfalces.educacion.navarra.es\/blogs\/wp-content\/uploads\/2019\/04\/1.jpg 1262w\" sizes=\"(max-width: 1024px) 100vw, 1024px\" \/><\/figure>\n\n\n\n<p>Adem\u00e1s, el alumnado de 2\u00ba ciclo de EP \u00abalimenta\u00bb el blog del cole con numerosas noticias, entretenimientos, curiosidades&#8230;<\/p>\n\n\n\n<figure class=\"wp-block-image\"><img loading=\"lazy\" width=\"1024\" height=\"716\" src=\"http:\/\/cpfalces.educacion.navarra.es\/blogs\/wp-content\/uploads\/2019\/04\/2-1024x716.jpg\" alt=\"\" class=\"wp-image-1380\" srcset=\"https:\/\/cpfalces.educacion.navarra.es\/blogs\/wp-content\/uploads\/2019\/04\/2-1024x716.jpg 1024w, https:\/\/cpfalces.educacion.navarra.es\/blogs\/wp-content\/uploads\/2019\/04\/2-300x210.jpg 300w, https:\/\/cpfalces.educacion.navarra.es\/blogs\/wp-content\/uploads\/2019\/04\/2-768x537.jpg 768w, https:\/\/cpfalces.educacion.navarra.es\/blogs\/wp-content\/uploads\/2019\/04\/2.jpg 1177w\" sizes=\"(max-width: 1024px) 100vw, 1024px\" \/><\/figure>\n\n\n\n<p>Nos encantar\u00eda que nos le\u00e1is!!<\/p>\n\n\n\n<p><\/p>\n","protected":false},"excerpt":{"rendered":"<p>El alumnado del C.P. D\u00aa \u00c1lvara \u00c1lvarez ha creado un canal de youtube. En \u00e9l podr\u00e9is ver todos los v\u00eddeos que el alumnado de 3\u00baciclo de EP va creando en el aula de medios de comunicaci\u00f3n. Os animemos a que os suscrib\u00e1is al canal y nos visit\u00e9is desde el enlace de nuestra WEB. Adem\u00e1s, el [&hellip;]<\/p>\n","protected":false},"author":1,"featured_media":0,"comment_status":"closed","ping_status":"closed","sticky":false,"template":"","format":"standard","meta":{"_genesis_hide_title":false,"_genesis_hide_breadcrumbs":false,"_genesis_hide_singular_image":false,"_genesis_hide_footer_widgets":false,"_genesis_custom_body_class":"","_genesis_custom_post_class":"","_genesis_layout":""},"categories":[1],"tags":[],"_links":{"self":[{"href":"https:\/\/cpfalces.educacion.navarra.es\/blogs\/wp-json\/wp\/v2\/posts\/1378"}],"collection":[{"href":"https:\/\/cpfalces.educacion.navarra.es\/blogs\/wp-json\/wp\/v2\/posts"}],"about":[{"href":"https:\/\/cpfalces.educacion.navarra.es\/blogs\/wp-json\/wp\/v2\/types\/post"}],"author":[{"embeddable":true,"href":"https:\/\/cpfalces.educacion.navarra.es\/blogs\/wp-json\/wp\/v2\/users\/1"}],"replies":[{"embeddable":true,"href":"https:\/\/cpfalces.educacion.navarra.es\/blogs\/wp-json\/wp\/v2\/comments?post=1378"}],"version-history":[{"count":1,"href":"https:\/\/cpfalces.educacion.navarra.es\/blogs\/wp-json\/wp\/v2\/posts\/1378\/revisions"}],"predecessor-version":[{"id":1381,"href":"https:\/\/cpfalces.educacion.navarra.es\/blogs\/wp-json\/wp\/v2\/posts\/1378\/revisions\/1381"}],"wp:attachment":[{"href":"https:\/\/cpfalces.educacion.navarra.es\/blogs\/wp-json\/wp\/v2\/media?parent=1378"}],"wp:term":[{"taxonomy":"category","embeddable":true,"href":"https:\/\/cpfalces.educacion.navarra.es\/blogs\/wp-json\/wp\/v2\/categories?post=1378"},{"taxonomy":"post_tag","embeddable":true,"href":"https:\/\/cpfalces.educacion.navarra.es\/blogs\/wp-json\/wp\/v2\/tags?post=1378"}],"curies":[{"name":"wp","href":"https:\/\/api.w.org\/{rel}","templated":true}]}}