{"id":1500,"date":"2019-10-17T21:38:05","date_gmt":"2019-10-17T19:38:05","guid":{"rendered":"http:\/\/cpfalces.educacion.navarra.es\/blogs\/?p=1500"},"modified":"2019-10-17T21:42:25","modified_gmt":"2019-10-17T19:42:25","slug":"telediario-escolar","status":"publish","type":"post","link":"https:\/\/cpfalces.educacion.navarra.es\/blogs\/blog\/2019\/10\/17\/telediario-escolar\/","title":{"rendered":"TELEDIARIO ESCOLAR (viernes de 9:30h a 9:45h)"},"content":{"rendered":"\n<p><strong>El alumnado de 2\u00ba y 3\u00ba ciclo de EP<\/strong> ha comenzado a trabajar y preparar un informativo escolar semanal. Para ello, aprenden a elaborar noticias, trabajar la meteorolog\u00eda, crear una agenda del fin de semana&#8230; y por supuesto, recoger todo el trabajo que se lleva a cabo, en nuestro colegio, en cada una de las aulas y asignaturas. El alumnado de 3\u00ba ciclo, aprende a manejar la c\u00e1mara de v\u00eddeo, de fotos y todas aquellas aplicaciones y programas tecnol\u00f3gicos que nos ayudan a crear nuestro telediario.<\/p>\n\n\n\n<div class=\"wp-block-image\"><figure class=\"aligncenter is-resized\"><img loading=\"lazy\" src=\"http:\/\/cpfalces.educacion.navarra.es\/blogs\/wp-content\/uploads\/2019\/10\/1.png\" alt=\"\" class=\"wp-image-1501\" width=\"129\" height=\"129\" srcset=\"https:\/\/cpfalces.educacion.navarra.es\/blogs\/wp-content\/uploads\/2019\/10\/1.png 340w, https:\/\/cpfalces.educacion.navarra.es\/blogs\/wp-content\/uploads\/2019\/10\/1-150x150.png 150w, https:\/\/cpfalces.educacion.navarra.es\/blogs\/wp-content\/uploads\/2019\/10\/1-300x300.png 300w\" sizes=\"(max-width: 129px) 100vw, 129px\" \/><\/figure><\/div>\n\n\n\n<p>Adem\u00e1s, veremos distintas curiosidades de nuestro pueblo, y podremos participar en los concursos que se vayan creando. Debemos tener en cuenta nuestra direcci\u00f3n de correo electr\u00f3nico (latvdefalces@gmail.com), donde recogeremos toda aquella informaci\u00f3n y sugerencias que la Comunidad Educativa nos quiera comentar.<\/p>\n\n\n\n<p>Os queremos animar, a que <strong>TODOS LOS VIERNES, DE 9:30H A 9:45H<\/strong>, os conect\u00e9is a internet y nos ve\u00e1is en directo desde vuestros dispositivos (ordenador, tablet, m\u00f3vil) a trav\u00e9s de youtube.<\/p>\n\n\n\n<div class=\"wp-block-image\"><figure class=\"aligncenter\"><img loading=\"lazy\" width=\"1024\" height=\"424\" src=\"http:\/\/cpfalces.educacion.navarra.es\/blogs\/wp-content\/uploads\/2019\/10\/2-1024x424.jpg\" alt=\"\" class=\"wp-image-1502\" srcset=\"https:\/\/cpfalces.educacion.navarra.es\/blogs\/wp-content\/uploads\/2019\/10\/2-1024x424.jpg 1024w, https:\/\/cpfalces.educacion.navarra.es\/blogs\/wp-content\/uploads\/2019\/10\/2-300x124.jpg 300w, https:\/\/cpfalces.educacion.navarra.es\/blogs\/wp-content\/uploads\/2019\/10\/2-768x318.jpg 768w, https:\/\/cpfalces.educacion.navarra.es\/blogs\/wp-content\/uploads\/2019\/10\/2.jpg 1270w\" sizes=\"(max-width: 1024px) 100vw, 1024px\" \/><\/figure><\/div>\n\n\n\n<p>Para ello, desde nuestra p\u00e1gina web, deberemos ir a <strong>EL COLE EN DIRECTO<\/strong> y a continuaci\u00f3n, pinchar en <strong>VER TELEDIARIO<\/strong>.<\/p>\n\n\n\n<p>\u00a1Esperamos que disfrut\u00e9is!<\/p>\n\n\n\n<p><\/p>\n","protected":false},"excerpt":{"rendered":"<p>El alumnado de 2\u00ba y 3\u00ba ciclo de EP ha comenzado a trabajar y preparar un informativo escolar semanal. Para ello, aprenden a elaborar noticias, trabajar la meteorolog\u00eda, crear una agenda del fin de semana&#8230; y por supuesto, recoger todo el trabajo que se lleva a cabo, en nuestro colegio, en cada una de las [&hellip;]<\/p>\n","protected":false},"author":1,"featured_media":0,"comment_status":"closed","ping_status":"closed","sticky":false,"template":"","format":"standard","meta":{"_genesis_hide_title":false,"_genesis_hide_breadcrumbs":false,"_genesis_hide_singular_image":false,"_genesis_hide_footer_widgets":false,"_genesis_custom_body_class":"","_genesis_custom_post_class":"","_genesis_layout":""},"categories":[1],"tags":[],"_links":{"self":[{"href":"https:\/\/cpfalces.educacion.navarra.es\/blogs\/wp-json\/wp\/v2\/posts\/1500"}],"collection":[{"href":"https:\/\/cpfalces.educacion.navarra.es\/blogs\/wp-json\/wp\/v2\/posts"}],"about":[{"href":"https:\/\/cpfalces.educacion.navarra.es\/blogs\/wp-json\/wp\/v2\/types\/post"}],"author":[{"embeddable":true,"href":"https:\/\/cpfalces.educacion.navarra.es\/blogs\/wp-json\/wp\/v2\/users\/1"}],"replies":[{"embeddable":true,"href":"https:\/\/cpfalces.educacion.navarra.es\/blogs\/wp-json\/wp\/v2\/comments?post=1500"}],"version-history":[{"count":4,"href":"https:\/\/cpfalces.educacion.navarra.es\/blogs\/wp-json\/wp\/v2\/posts\/1500\/revisions"}],"predecessor-version":[{"id":1506,"href":"https:\/\/cpfalces.educacion.navarra.es\/blogs\/wp-json\/wp\/v2\/posts\/1500\/revisions\/1506"}],"wp:attachment":[{"href":"https:\/\/cpfalces.educacion.navarra.es\/blogs\/wp-json\/wp\/v2\/media?parent=1500"}],"wp:term":[{"taxonomy":"category","embeddable":true,"href":"https:\/\/cpfalces.educacion.navarra.es\/blogs\/wp-json\/wp\/v2\/categories?post=1500"},{"taxonomy":"post_tag","embeddable":true,"href":"https:\/\/cpfalces.educacion.navarra.es\/blogs\/wp-json\/wp\/v2\/tags?post=1500"}],"curies":[{"name":"wp","href":"https:\/\/api.w.org\/{rel}","templated":true}]}}