{"id":2295,"date":"2022-09-29T16:27:04","date_gmt":"2022-09-29T14:27:04","guid":{"rendered":"https:\/\/cpfalces.educacion.navarra.es\/blogs\/?p=2295"},"modified":"2022-11-27T11:05:03","modified_gmt":"2022-11-27T10:05:03","slug":"aprendemos-en-clan-el-debate","status":"publish","type":"post","link":"https:\/\/cpfalces.educacion.navarra.es\/blogs\/blog\/2022\/09\/29\/aprendemos-en-clan-el-debate\/","title":{"rendered":"APRENDEMOS EN CLAN &#8211; EL DEBATE"},"content":{"rendered":"\n<p>Desde Clan TV\u00a0 (\u00a0\u00a0canal de televisi\u00f3n espa\u00f1ola en abierto, perteneciente a Televisi\u00f3n Espa\u00f1ola que emite programaci\u00f3n infantil y juvenil: series, dibujos animados y espacios juveniles ), nos propusieron al alumnado de 6\u00ba que intervini\u00e9semos\u00a0en un debate sobre un tema muy cercano: La agricultura.\u00a0<br>\u00a1\u00a1\u00a1\u00a1\u00a1 Y aceptamos el reto !!!!!! <a href=\"https:\/\/www.rtve.es\/infantil\/series\/aprendemos-clan-debate\/\">VER PROGRAMA<\/a><\/p>\n\n\n\n<div class=\"wp-block-image\"><figure class=\"aligncenter size-medium\"><img loading=\"lazy\" width=\"300\" height=\"225\" src=\"https:\/\/cpfalces.educacion.navarra.es\/blogs\/wp-content\/uploads\/2022\/09\/c3b8dc34-808e-4ae0-a3ad-be561c135afc-300x225.jpg\" alt=\"\" class=\"wp-image-2296\" srcset=\"https:\/\/cpfalces.educacion.navarra.es\/blogs\/wp-content\/uploads\/2022\/09\/c3b8dc34-808e-4ae0-a3ad-be561c135afc-300x225.jpg 300w, https:\/\/cpfalces.educacion.navarra.es\/blogs\/wp-content\/uploads\/2022\/09\/c3b8dc34-808e-4ae0-a3ad-be561c135afc-1024x768.jpg 1024w, https:\/\/cpfalces.educacion.navarra.es\/blogs\/wp-content\/uploads\/2022\/09\/c3b8dc34-808e-4ae0-a3ad-be561c135afc-768x576.jpg 768w, https:\/\/cpfalces.educacion.navarra.es\/blogs\/wp-content\/uploads\/2022\/09\/c3b8dc34-808e-4ae0-a3ad-be561c135afc-1536x1152.jpg 1536w, https:\/\/cpfalces.educacion.navarra.es\/blogs\/wp-content\/uploads\/2022\/09\/c3b8dc34-808e-4ae0-a3ad-be561c135afc.jpg 2048w\" sizes=\"(max-width: 300px) 100vw, 300px\" \/><\/figure><\/div>\n\n\n\n<p>Llevamos varios d\u00edas de trabajo,&nbsp; preparando el debate, haciendo diferentes actividades y hoy, por fin, ha llegado el d\u00eda de grabar el programa.<br>Al principio est\u00e1bamos bastante nerviosos\/as, porque el colegio se ha llenado de personas que no conoc\u00edamos, pero poco a poco, hemos cogido confianza y el trabajo realizado en grupo ha sido muy gratificante.<\/p>\n\n\n\n<!--more-->\n\n\n\n<p>El rodaje ( como en las pelis de verdad ) lo hemos hecho en el front\u00f3n y la verdad es que ha sido una experiencia inolvidable. Cuando hemos comenzado, est\u00e1bamos&nbsp;nerviosos\/as, pero poco a poco, nos hemos ido encontrando muy a gusto.<br>Grabar el programa nos ha costado unas dos horas y cuando ya hemos acabado, todo el equipo se ha relajado.&nbsp;Nos han dejado tocar las c\u00e1maras, los micr\u00f3fonos, grabar, hacernos fotos, nos hemos hecho amigos\/as de los profesionales de la TV.&nbsp; &nbsp; &nbsp; &nbsp; &nbsp; ( Seguro que ahora hay alguien que&nbsp; quiere trabajar en la TV ).<br>Ha sido una gran experiencia que para terminarla solo falta que transmitan el programa en la TV.&nbsp;Estamos impacientes.<\/p>\n\n\n\n<p><a href=\"https:\/\/drive.google.com\/drive\/u\/0\/folders\/1-Yk6GE8if4Y0IGK2k40Vqewsf3hByKYA\">VER FOTOS Y V\u00cdDEOS<\/a><\/p>\n","protected":false},"excerpt":{"rendered":"<p>Desde Clan TV\u00a0 (\u00a0\u00a0canal de televisi\u00f3n espa\u00f1ola en abierto, perteneciente a Televisi\u00f3n Espa\u00f1ola que emite programaci\u00f3n infantil y juvenil: series, dibujos animados y espacios juveniles ), nos propusieron al alumnado de 6\u00ba que intervini\u00e9semos\u00a0en un debate sobre un tema muy cercano: La agricultura.\u00a0\u00a1\u00a1\u00a1\u00a1\u00a1 Y aceptamos el reto !!!!!! VER PROGRAMA Llevamos varios d\u00edas de trabajo,&nbsp; [&hellip;]<\/p>\n","protected":false},"author":1,"featured_media":0,"comment_status":"closed","ping_status":"closed","sticky":false,"template":"","format":"standard","meta":{"_genesis_hide_title":false,"_genesis_hide_breadcrumbs":false,"_genesis_hide_singular_image":false,"_genesis_hide_footer_widgets":false,"_genesis_custom_body_class":"","_genesis_custom_post_class":"","_genesis_layout":""},"categories":[1],"tags":[],"_links":{"self":[{"href":"https:\/\/cpfalces.educacion.navarra.es\/blogs\/wp-json\/wp\/v2\/posts\/2295"}],"collection":[{"href":"https:\/\/cpfalces.educacion.navarra.es\/blogs\/wp-json\/wp\/v2\/posts"}],"about":[{"href":"https:\/\/cpfalces.educacion.navarra.es\/blogs\/wp-json\/wp\/v2\/types\/post"}],"author":[{"embeddable":true,"href":"https:\/\/cpfalces.educacion.navarra.es\/blogs\/wp-json\/wp\/v2\/users\/1"}],"replies":[{"embeddable":true,"href":"https:\/\/cpfalces.educacion.navarra.es\/blogs\/wp-json\/wp\/v2\/comments?post=2295"}],"version-history":[{"count":2,"href":"https:\/\/cpfalces.educacion.navarra.es\/blogs\/wp-json\/wp\/v2\/posts\/2295\/revisions"}],"predecessor-version":[{"id":2318,"href":"https:\/\/cpfalces.educacion.navarra.es\/blogs\/wp-json\/wp\/v2\/posts\/2295\/revisions\/2318"}],"wp:attachment":[{"href":"https:\/\/cpfalces.educacion.navarra.es\/blogs\/wp-json\/wp\/v2\/media?parent=2295"}],"wp:term":[{"taxonomy":"category","embeddable":true,"href":"https:\/\/cpfalces.educacion.navarra.es\/blogs\/wp-json\/wp\/v2\/categories?post=2295"},{"taxonomy":"post_tag","embeddable":true,"href":"https:\/\/cpfalces.educacion.navarra.es\/blogs\/wp-json\/wp\/v2\/tags?post=2295"}],"curies":[{"name":"wp","href":"https:\/\/api.w.org\/{rel}","templated":true}]}}