{"id":2540,"date":"2024-04-24T10:31:49","date_gmt":"2024-04-24T08:31:49","guid":{"rendered":"https:\/\/cpfalces.educacion.navarra.es\/blogs\/?p=2540"},"modified":"2024-04-24T10:31:49","modified_gmt":"2024-04-24T08:31:49","slug":"dia-del-libro-2024","status":"publish","type":"post","link":"https:\/\/cpfalces.educacion.navarra.es\/blogs\/blog\/2024\/04\/24\/dia-del-libro-2024\/","title":{"rendered":"D\u00cdA DEL LIBRO 2024"},"content":{"rendered":"\n<figure class=\"wp-block-image size-large is-resized\"><img loading=\"lazy\" src=\"https:\/\/cpfalces.educacion.navarra.es\/blogs\/wp-content\/uploads\/2024\/04\/2-724x1024.jpg\" alt=\"\" class=\"wp-image-2541\" width=\"344\" height=\"486\" srcset=\"https:\/\/cpfalces.educacion.navarra.es\/blogs\/wp-content\/uploads\/2024\/04\/2-724x1024.jpg 724w, https:\/\/cpfalces.educacion.navarra.es\/blogs\/wp-content\/uploads\/2024\/04\/2-212x300.jpg 212w, https:\/\/cpfalces.educacion.navarra.es\/blogs\/wp-content\/uploads\/2024\/04\/2-768x1086.jpg 768w, https:\/\/cpfalces.educacion.navarra.es\/blogs\/wp-content\/uploads\/2024\/04\/2-1086x1536.jpg 1086w, https:\/\/cpfalces.educacion.navarra.es\/blogs\/wp-content\/uploads\/2024\/04\/2.jpg 1191w\" sizes=\"(max-width: 344px) 100vw, 344px\" \/><\/figure>\n\n\n\n<p>El 23 de abril celebramos en el colegio el d\u00eda del libro.<\/p>\n\n\n\n<p>Primero, tuvimos un acto de apertura y despu\u00e9s, gente del pueblo vino a contarnos cuentos.<\/p>\n\n\n\n<p>Durante los pr\u00f3ximos d\u00edas tendremos diferentes actividades para celebrarlo.<\/p>\n\n\n\n<p><a href=\"https:\/\/drive.google.com\/drive\/folders\/13hRWbQ-ux2VbCLvCOAGshvSiQ6wjqixj?usp=drive_link\" data-type=\"URL\" data-id=\"https:\/\/drive.google.com\/drive\/folders\/13hRWbQ-ux2VbCLvCOAGshvSiQ6wjqixj?usp=drive_link\">Carpeta de fotos<\/a><\/p>\n","protected":false},"excerpt":{"rendered":"<p>El 23 de abril celebramos en el colegio el d\u00eda del libro. Primero, tuvimos un acto de apertura y despu\u00e9s, gente del pueblo vino a contarnos cuentos. Durante los pr\u00f3ximos d\u00edas tendremos diferentes actividades para celebrarlo. Carpeta de fotos<\/p>\n","protected":false},"author":1,"featured_media":0,"comment_status":"closed","ping_status":"closed","sticky":false,"template":"","format":"standard","meta":{"_genesis_hide_title":false,"_genesis_hide_breadcrumbs":false,"_genesis_hide_singular_image":false,"_genesis_hide_footer_widgets":false,"_genesis_custom_body_class":"","_genesis_custom_post_class":"","_genesis_layout":""},"categories":[1],"tags":[],"_links":{"self":[{"href":"https:\/\/cpfalces.educacion.navarra.es\/blogs\/wp-json\/wp\/v2\/posts\/2540"}],"collection":[{"href":"https:\/\/cpfalces.educacion.navarra.es\/blogs\/wp-json\/wp\/v2\/posts"}],"about":[{"href":"https:\/\/cpfalces.educacion.navarra.es\/blogs\/wp-json\/wp\/v2\/types\/post"}],"author":[{"embeddable":true,"href":"https:\/\/cpfalces.educacion.navarra.es\/blogs\/wp-json\/wp\/v2\/users\/1"}],"replies":[{"embeddable":true,"href":"https:\/\/cpfalces.educacion.navarra.es\/blogs\/wp-json\/wp\/v2\/comments?post=2540"}],"version-history":[{"count":1,"href":"https:\/\/cpfalces.educacion.navarra.es\/blogs\/wp-json\/wp\/v2\/posts\/2540\/revisions"}],"predecessor-version":[{"id":2542,"href":"https:\/\/cpfalces.educacion.navarra.es\/blogs\/wp-json\/wp\/v2\/posts\/2540\/revisions\/2542"}],"wp:attachment":[{"href":"https:\/\/cpfalces.educacion.navarra.es\/blogs\/wp-json\/wp\/v2\/media?parent=2540"}],"wp:term":[{"taxonomy":"category","embeddable":true,"href":"https:\/\/cpfalces.educacion.navarra.es\/blogs\/wp-json\/wp\/v2\/categories?post=2540"},{"taxonomy":"post_tag","embeddable":true,"href":"https:\/\/cpfalces.educacion.navarra.es\/blogs\/wp-json\/wp\/v2\/tags?post=2540"}],"curies":[{"name":"wp","href":"https:\/\/api.w.org\/{rel}","templated":true}]}}