{"id":2676,"date":"2025-03-13T08:54:01","date_gmt":"2025-03-13T07:54:01","guid":{"rendered":"https:\/\/cpfalces.educacion.navarra.es\/blogs\/?p=2676"},"modified":"2025-03-13T11:50:08","modified_gmt":"2025-03-13T10:50:08","slug":"casa-museo-de-falces","status":"publish","type":"post","link":"https:\/\/cpfalces.educacion.navarra.es\/blogs\/blog\/2025\/03\/13\/casa-museo-de-falces\/","title":{"rendered":"Casa Museo de Falces"},"content":{"rendered":"\n<p>Hoy,\u00a0\u00a0mi\u00e9rcoles 12 de marzo, el alumnado y profesorado de Educaci\u00f3n Infantil, hemos ido de excursi\u00f3n a la Casa Museo de Falces, en ella hemos visto la exposici\u00f3n de marionetas. <\/p>\n\n\n\n<figure class=\"wp-block-image size-medium\"><img loading=\"lazy\" width=\"300\" height=\"226\" src=\"https:\/\/cpfalces.educacion.navarra.es\/blogs\/wp-content\/uploads\/2025\/03\/1741800110229-300x226.jpg\" alt=\"\" class=\"wp-image-2677\" srcset=\"https:\/\/cpfalces.educacion.navarra.es\/blogs\/wp-content\/uploads\/2025\/03\/1741800110229-300x226.jpg 300w, https:\/\/cpfalces.educacion.navarra.es\/blogs\/wp-content\/uploads\/2025\/03\/1741800110229-1024x771.jpg 1024w, https:\/\/cpfalces.educacion.navarra.es\/blogs\/wp-content\/uploads\/2025\/03\/1741800110229-768x578.jpg 768w, https:\/\/cpfalces.educacion.navarra.es\/blogs\/wp-content\/uploads\/2025\/03\/1741800110229-1536x1157.jpg 1536w, https:\/\/cpfalces.educacion.navarra.es\/blogs\/wp-content\/uploads\/2025\/03\/1741800110229.jpg 2040w\" sizes=\"(max-width: 300px) 100vw, 300px\" \/><\/figure>\n\n\n\n<p>Nos ha parecido una visita muy interesante y se nos ha quedado un poco corta, por eso animamos a las familias para que nos vuelvan a llevar y acudan a verla, es muy interesante\u00a0y adem\u00e1s gratuita.<\/p>\n\n\n\n<figure class=\"wp-block-image size-large\"><img loading=\"lazy\" width=\"1024\" height=\"771\" src=\"https:\/\/cpfalces.educacion.navarra.es\/blogs\/wp-content\/uploads\/2025\/03\/1741800110455-1024x771.jpg\" alt=\"\" class=\"wp-image-2678\" srcset=\"https:\/\/cpfalces.educacion.navarra.es\/blogs\/wp-content\/uploads\/2025\/03\/1741800110455-1024x771.jpg 1024w, https:\/\/cpfalces.educacion.navarra.es\/blogs\/wp-content\/uploads\/2025\/03\/1741800110455-300x226.jpg 300w, https:\/\/cpfalces.educacion.navarra.es\/blogs\/wp-content\/uploads\/2025\/03\/1741800110455-768x578.jpg 768w, https:\/\/cpfalces.educacion.navarra.es\/blogs\/wp-content\/uploads\/2025\/03\/1741800110455-1536x1157.jpg 1536w, https:\/\/cpfalces.educacion.navarra.es\/blogs\/wp-content\/uploads\/2025\/03\/1741800110455.jpg 2040w\" sizes=\"(max-width: 1024px) 100vw, 1024px\" \/><\/figure>\n","protected":false},"excerpt":{"rendered":"<p>Hoy,\u00a0\u00a0mi\u00e9rcoles 12 de marzo, el alumnado y profesorado de Educaci\u00f3n Infantil, hemos ido de excursi\u00f3n a la Casa Museo de Falces, en ella hemos visto la exposici\u00f3n de marionetas. Nos ha parecido una visita muy interesante y se nos ha quedado un poco corta, por eso animamos a las familias para que nos vuelvan a [&hellip;]<\/p>\n","protected":false},"author":1,"featured_media":0,"comment_status":"closed","ping_status":"closed","sticky":false,"template":"","format":"standard","meta":{"_genesis_hide_title":false,"_genesis_hide_breadcrumbs":false,"_genesis_hide_singular_image":false,"_genesis_hide_footer_widgets":false,"_genesis_custom_body_class":"","_genesis_custom_post_class":"","_genesis_layout":""},"categories":[1],"tags":[],"_links":{"self":[{"href":"https:\/\/cpfalces.educacion.navarra.es\/blogs\/wp-json\/wp\/v2\/posts\/2676"}],"collection":[{"href":"https:\/\/cpfalces.educacion.navarra.es\/blogs\/wp-json\/wp\/v2\/posts"}],"about":[{"href":"https:\/\/cpfalces.educacion.navarra.es\/blogs\/wp-json\/wp\/v2\/types\/post"}],"author":[{"embeddable":true,"href":"https:\/\/cpfalces.educacion.navarra.es\/blogs\/wp-json\/wp\/v2\/users\/1"}],"replies":[{"embeddable":true,"href":"https:\/\/cpfalces.educacion.navarra.es\/blogs\/wp-json\/wp\/v2\/comments?post=2676"}],"version-history":[{"count":1,"href":"https:\/\/cpfalces.educacion.navarra.es\/blogs\/wp-json\/wp\/v2\/posts\/2676\/revisions"}],"predecessor-version":[{"id":2679,"href":"https:\/\/cpfalces.educacion.navarra.es\/blogs\/wp-json\/wp\/v2\/posts\/2676\/revisions\/2679"}],"wp:attachment":[{"href":"https:\/\/cpfalces.educacion.navarra.es\/blogs\/wp-json\/wp\/v2\/media?parent=2676"}],"wp:term":[{"taxonomy":"category","embeddable":true,"href":"https:\/\/cpfalces.educacion.navarra.es\/blogs\/wp-json\/wp\/v2\/categories?post=2676"},{"taxonomy":"post_tag","embeddable":true,"href":"https:\/\/cpfalces.educacion.navarra.es\/blogs\/wp-json\/wp\/v2\/tags?post=2676"}],"curies":[{"name":"wp","href":"https:\/\/api.w.org\/{rel}","templated":true}]}}